{"id":11792,"date":"2025-04-14T16:09:49","date_gmt":"2025-04-14T14:09:49","guid":{"rendered":"https:\/\/www.tornabuoni1.com\/2025\/04\/14\/special-series-fashion-and-florence-gucci\/"},"modified":"2025-04-17T15:14:57","modified_gmt":"2025-04-17T13:14:57","slug":"serie-speciale-moda-e-firenze-gucci","status":"publish","type":"post","link":"https:\/\/www.tornabuoni1.com\/it\/2025\/04\/14\/serie-speciale-moda-e-firenze-gucci\/","title":{"rendered":"Serie Speciale Moda e Firenze: Gucci"},"content":{"rendered":"<div class=\"wpb-content-wrapper\"><p>[vc_row][vc_column][vc_column_text css=&#8221;&#8221;]Firenze, culla del Rinascimento, non \u00e8 solo una citt\u00e0 d\u2019arte e di storia, ma anche una capitale mondiale della moda. Tra i suoi nomi pi\u00f9 celebri spicca Gucci, un marchio che ha ridefinito il concetto di lusso e l\u2019artigianalit\u00e0 italiana. Dai suoi umili inizi fino a diventare un simbolo internazionale di eleganza, l\u2019influenza di Gucci va oltre la moda: incarna la dedizione di Firenze all\u2019arte, alla tradizione e all\u2019innovazione.<\/p>\n<p>&nbsp;<\/p>\n<h5><strong>Gucci e Firenze: un legame storico<\/strong><\/h5>\n<p>Fondata nel 1921 da Guccio Gucci, la maison nacque nel cuore di Firenze, ispirata dalla ricca eredit\u00e0 artigianale della citt\u00e0. La visione di Guccio era quella di creare articoli in pelle che riflettessero l\u2019eccellenza dell\u2019artigianato italiano. Il marchio divenne rapidamente sinonimo di stile raffinato, attirando aristocratici e celebrit\u00e0. Ancora oggi, Gucci mantiene salde le sue radici fiorentine: la sede centrale e il museo Gucci Garden si trovano nello storico Palazzo della Mercanzia, offrendo un viaggio immersivo nell\u2019evoluzione del marchio proprio in Piazza della Signoria.<\/p>\n<p>&nbsp;<\/p>\n<h5><strong>L\u2019impatto di Gucci sulla moda italiana<\/strong><\/h5>\n<p>Gucci ha avuto un ruolo fondamentale nella definizione della moda italiana a livello globale. \u00c8 stato tra i primi a coniugare tradizione e modernit\u00e0, una formula che ha reso la moda italiana tanto ammirata. Sotto la direzione creativa di figure come Tom Ford, Frida Giannini e Alessandro Michele, Gucci si \u00e8 costantemente reinventato, dettando tendenze che hanno segnato intere generazioni. La capacit\u00e0 della maison di fondere elementi classici con design audaci e d\u2019avanguardia ha consolidato il suo status di forza duratura nel mondo del lusso.<\/p>\n<p>&nbsp;<\/p>\n<h5><strong>La collezione Flora: un omaggio all\u2019arte e alla natura italiane<\/strong><\/h5>\n<p>Per buona parte della sua storia iniziale, i design di Gucci erano profondamente radicati in temi aristocratici, con motivi legati agli sport equestri e al lusso tradizionale. Un punto di svolta arriv\u00f2 nel 1966, quando la Principessa Grace di Monaco visit\u00f2 la boutique Gucci a Milano e acquist\u00f2 una borsa in pelle verde. Per esprimerle la sua gratitudine, Rodolfo Gucci, figlio del fondatore Guccio Gucci, desiderava offrirle un dono speciale. La principessa, nota per il suo amore per i fiori e l\u2019arte botanica, chiese modestamente un foulard. Tuttavia, Gucci ritenne che nulla nella collezione fosse davvero degno di una sovrana.<\/p>\n<p>Ispirato dalla sua passione per i fiori, Gucci incaric\u00f2 il celebre illustratore italiano Vittorio Accornero de Testa di creare un disegno floreale esclusivo. Accornero, rinomato per la sua arte botanica e l\u2019esperienza nell\u2019illustrazione di fiabe, realizz\u00f2 quello che sarebbe diventato il leggendario motivo Flora. Il disegno, intricato e ricco di dettagli, presentava uno sfondo bianco decorato con 37 colori vivaci e un tripudio di fiori in fiore, farfalle e altri elementi naturali. La composizione omaggiava l\u2019eredit\u00e0 artistica fiorentina, ispirandosi a capolavori come La Primavera e <a href=\"https:\/\/bit.ly\/43THMrH\">La Nascita di Venere<\/a> di Sandro Botticelli, in cui la ninfa Flora \u00e8 raffigurata con un abito ornato di fiori.<\/p>\n<p>Gucci present\u00f2 il foulard alla principessa come fosse un bouquet, e la sua eleganza conquist\u00f2 rapidamente il pubblico. Il motivo Flora divenne presto un oggetto da collezione ambito, estendendosi oltre i foulard. Gi\u00e0 nel 1969 decorava abiti, e nei decenni successivi comparve anche su borse e accessori. Nel 2005, l\u2019allora direttrice creativa Frida Giannini rilanci\u00f2 il motivo Flora, incorporandolo nelle collezioni pr\u00eat-\u00e0-porter e lanciando persino una fragranza dedicata alla sua bellezza senza tempo. Il disegno ha continuato a essere reinterpretato: nel 2014 Charlotte Casiraghi, nipote di Grace, lo ha indossato in una campagna Gucci. Pi\u00f9 recentemente, Alessandro Michele lo ha fuso con il monogramma GG nella collezione Primavera 2023, assicurandosi che il motivo Flora resti parte integrante dell\u2019estetica in continua evoluzione di Gucci.<\/p>\n<p>&nbsp;<\/p>\n<h5><strong>L\u2019influenza duratura di Gucci<\/strong><\/h5>\n<p>Dai celebri mocassini con morsetto al monogramma GG, dal revival dell\u2019estetica vintage a design audaci e innovativi, Gucci continua a ridefinire i confini della moda. La sua dedizione all\u2019artigianalit\u00e0, alla narrazione e all\u2019ispirazione artistica lo rende una componente essenziale del paesaggio culturale ed economico fiorentino. Pi\u00f9 che un marchio, Gucci \u00e8 una testimonianza dell\u2019eleganza senza tempo della moda italiana, dimostrando che Firenze \u00e8 ancora oggi al cuore dello stile mondiale.<\/p>\n<p>Mentre Gucci guarda al futuro, abbracciando sostenibilit\u00e0 e innovazione, il suo lascito come faro della moda italiana resta indiscutibile. E al centro di tutto, la collezione Flora continua a fiorire, promemoria di come il passato artistico di Firenze continui a plasmare il futuro della moda.[\/vc_column_text][\/vc_column][\/vc_row]<\/p>\n<\/div>","protected":false},"excerpt":{"rendered":"<p>[vc_row][vc_column][vc_column_text css=&#8221;&#8221;]Firenze, culla del Rinascimento, non \u00e8 solo una citt\u00e0 d\u2019arte e di storia, ma anche una capitale mondiale della moda. Tra i suoi nomi pi\u00f9 celebri spicca Gucci, un marchio che ha ridefinito il concetto di lusso e l\u2019artigianalit\u00e0 italiana. Dai suoi umili inizi fino a diventare un simbolo internazionale di eleganza, l\u2019influenza di [&hellip;]<\/p>\n","protected":false},"author":7,"featured_media":11780,"comment_status":"open","ping_status":"open","sticky":false,"template":"","format":"standard","meta":{"footnotes":""},"categories":[114],"tags":[549,696,1228,552,1511],"class_list":["post-11792","post","type-post","status-publish","format-standard","has-post-thumbnail","hentry","category-blog-it","tag-fashion-it","tag-gucci-it","tag-made-in-italy-it","tag-moda-it","tag-serie-speciale"],"yoast_head":"<!-- This site is optimized with the Yoast SEO plugin v27.4 - https:\/\/yoast.com\/product\/yoast-seo-wordpress\/ -->\n<title>Serie Speciale Moda e Firenze: Gucci<\/title>\n<meta name=\"description\" content=\"Gucci mantiene salde le sue radici fiorentine: la sede centrale e il museo Gucci Garden si trovano proprio in Piazza della Signoria.\" \/>\n<meta name=\"robots\" content=\"index, follow, max-snippet:-1, max-image-preview:large, max-video-preview:-1\" \/>\n<link rel=\"canonical\" href=\"https:\/\/www.tornabuoni1.com\/it\/2025\/04\/14\/serie-speciale-moda-e-firenze-gucci\/\" \/>\n<meta property=\"og:locale\" content=\"it_IT\" \/>\n<meta property=\"og:type\" content=\"article\" \/>\n<meta property=\"og:title\" content=\"Serie Speciale Moda e Firenze: Gucci\" \/>\n<meta property=\"og:description\" content=\"Gucci mantiene salde le sue radici fiorentine: la sede centrale e il museo Gucci Garden si trovano proprio in Piazza della Signoria.\" \/>\n<meta property=\"og:url\" content=\"https:\/\/www.tornabuoni1.com\/it\/2025\/04\/14\/serie-speciale-moda-e-firenze-gucci\/\" \/>\n<meta property=\"og:site_name\" content=\"Antica Torre di Via Tornabuoni 1\" \/>\n<meta property=\"article:publisher\" content=\"https:\/\/www.facebook.com\/anticatorretornabuoni\" \/>\n<meta property=\"article:published_time\" content=\"2025-04-14T14:09:49+00:00\" \/>\n<meta property=\"article:modified_time\" content=\"2025-04-17T13:14:57+00:00\" \/>\n<meta property=\"og:image\" content=\"https:\/\/www.tornabuoni1.com\/wp-content\/uploads\/Gucci_wp-1.png\" \/>\n\t<meta property=\"og:image:width\" content=\"1040\" \/>\n\t<meta property=\"og:image:height\" content=\"600\" \/>\n\t<meta property=\"og:image:type\" content=\"image\/png\" \/>\n<meta name=\"author\" content=\"Antica Torre\" \/>\n<meta name=\"twitter:card\" content=\"summary_large_image\" \/>\n<meta name=\"twitter:label1\" content=\"Scritto da\" \/>\n\t<meta name=\"twitter:data1\" content=\"Antica Torre\" \/>\n\t<meta name=\"twitter:label2\" content=\"Tempo di lettura stimato\" \/>\n\t<meta name=\"twitter:data2\" content=\"4 minuti\" \/>\n<script type=\"application\/ld+json\" class=\"yoast-schema-graph\">{\"@context\":\"https:\\\/\\\/schema.org\",\"@graph\":[{\"@type\":\"Article\",\"@id\":\"https:\\\/\\\/www.tornabuoni1.com\\\/it\\\/2025\\\/04\\\/14\\\/serie-speciale-moda-e-firenze-gucci\\\/#article\",\"isPartOf\":{\"@id\":\"https:\\\/\\\/www.tornabuoni1.com\\\/it\\\/2025\\\/04\\\/14\\\/serie-speciale-moda-e-firenze-gucci\\\/\"},\"author\":{\"name\":\"Antica Torre\",\"@id\":\"https:\\\/\\\/www.tornabuoni1.com\\\/it\\\/#\\\/schema\\\/person\\\/be711ab02e2f7e9c71500a3a87520f14\"},\"headline\":\"Serie Speciale Moda e Firenze: Gucci\",\"datePublished\":\"2025-04-14T14:09:49+00:00\",\"dateModified\":\"2025-04-17T13:14:57+00:00\",\"mainEntityOfPage\":{\"@id\":\"https:\\\/\\\/www.tornabuoni1.com\\\/it\\\/2025\\\/04\\\/14\\\/serie-speciale-moda-e-firenze-gucci\\\/\"},\"wordCount\":743,\"commentCount\":0,\"publisher\":{\"@id\":\"https:\\\/\\\/www.tornabuoni1.com\\\/it\\\/#organization\"},\"image\":{\"@id\":\"https:\\\/\\\/www.tornabuoni1.com\\\/it\\\/2025\\\/04\\\/14\\\/serie-speciale-moda-e-firenze-gucci\\\/#primaryimage\"},\"thumbnailUrl\":\"https:\\\/\\\/www.tornabuoni1.com\\\/wp-content\\\/uploads\\\/Gucci_wp-1.png\",\"keywords\":[\"fashion\",\"gucci\",\"made in italy\",\"moda\",\"serie speciale\"],\"articleSection\":[\"Blog IT\"],\"inLanguage\":\"it-IT\",\"potentialAction\":[{\"@type\":\"CommentAction\",\"name\":\"Comment\",\"target\":[\"https:\\\/\\\/www.tornabuoni1.com\\\/it\\\/2025\\\/04\\\/14\\\/serie-speciale-moda-e-firenze-gucci\\\/#respond\"]}]},{\"@type\":\"WebPage\",\"@id\":\"https:\\\/\\\/www.tornabuoni1.com\\\/it\\\/2025\\\/04\\\/14\\\/serie-speciale-moda-e-firenze-gucci\\\/\",\"url\":\"https:\\\/\\\/www.tornabuoni1.com\\\/it\\\/2025\\\/04\\\/14\\\/serie-speciale-moda-e-firenze-gucci\\\/\",\"name\":\"Serie Speciale Moda e Firenze: Gucci\",\"isPartOf\":{\"@id\":\"https:\\\/\\\/www.tornabuoni1.com\\\/it\\\/#website\"},\"primaryImageOfPage\":{\"@id\":\"https:\\\/\\\/www.tornabuoni1.com\\\/it\\\/2025\\\/04\\\/14\\\/serie-speciale-moda-e-firenze-gucci\\\/#primaryimage\"},\"image\":{\"@id\":\"https:\\\/\\\/www.tornabuoni1.com\\\/it\\\/2025\\\/04\\\/14\\\/serie-speciale-moda-e-firenze-gucci\\\/#primaryimage\"},\"thumbnailUrl\":\"https:\\\/\\\/www.tornabuoni1.com\\\/wp-content\\\/uploads\\\/Gucci_wp-1.png\",\"datePublished\":\"2025-04-14T14:09:49+00:00\",\"dateModified\":\"2025-04-17T13:14:57+00:00\",\"description\":\"Gucci mantiene salde le sue radici fiorentine: la sede centrale e il museo Gucci Garden si trovano proprio in Piazza della Signoria.\",\"breadcrumb\":{\"@id\":\"https:\\\/\\\/www.tornabuoni1.com\\\/it\\\/2025\\\/04\\\/14\\\/serie-speciale-moda-e-firenze-gucci\\\/#breadcrumb\"},\"inLanguage\":\"it-IT\",\"potentialAction\":[{\"@type\":\"ReadAction\",\"target\":[\"https:\\\/\\\/www.tornabuoni1.com\\\/it\\\/2025\\\/04\\\/14\\\/serie-speciale-moda-e-firenze-gucci\\\/\"]}]},{\"@type\":\"ImageObject\",\"inLanguage\":\"it-IT\",\"@id\":\"https:\\\/\\\/www.tornabuoni1.com\\\/it\\\/2025\\\/04\\\/14\\\/serie-speciale-moda-e-firenze-gucci\\\/#primaryimage\",\"url\":\"https:\\\/\\\/www.tornabuoni1.com\\\/wp-content\\\/uploads\\\/Gucci_wp-1.png\",\"contentUrl\":\"https:\\\/\\\/www.tornabuoni1.com\\\/wp-content\\\/uploads\\\/Gucci_wp-1.png\",\"width\":1040,\"height\":600,\"caption\":\"Gucci\"},{\"@type\":\"BreadcrumbList\",\"@id\":\"https:\\\/\\\/www.tornabuoni1.com\\\/it\\\/2025\\\/04\\\/14\\\/serie-speciale-moda-e-firenze-gucci\\\/#breadcrumb\",\"itemListElement\":[{\"@type\":\"ListItem\",\"position\":1,\"name\":\"Home\",\"item\":\"https:\\\/\\\/www.tornabuoni1.com\\\/it\\\/\"},{\"@type\":\"ListItem\",\"position\":2,\"name\":\"Serie Speciale Moda e Firenze: Gucci\"}]},{\"@type\":\"WebSite\",\"@id\":\"https:\\\/\\\/www.tornabuoni1.com\\\/it\\\/#website\",\"url\":\"https:\\\/\\\/www.tornabuoni1.com\\\/it\\\/\",\"name\":\"Antica Torre di Via Tornabuoni 1\",\"description\":\"Antica Torre di Via Tornabuoni 1\",\"publisher\":{\"@id\":\"https:\\\/\\\/www.tornabuoni1.com\\\/it\\\/#organization\"},\"potentialAction\":[{\"@type\":\"SearchAction\",\"target\":{\"@type\":\"EntryPoint\",\"urlTemplate\":\"https:\\\/\\\/www.tornabuoni1.com\\\/it\\\/?s={search_term_string}\"},\"query-input\":{\"@type\":\"PropertyValueSpecification\",\"valueRequired\":true,\"valueName\":\"search_term_string\"}}],\"inLanguage\":\"it-IT\"},{\"@type\":\"Organization\",\"@id\":\"https:\\\/\\\/www.tornabuoni1.com\\\/it\\\/#organization\",\"name\":\"Antica Torre di Via Tornabuoni 1\",\"alternateName\":\"Antica Torre\",\"url\":\"https:\\\/\\\/www.tornabuoni1.com\\\/it\\\/\",\"logo\":{\"@type\":\"ImageObject\",\"inLanguage\":\"it-IT\",\"@id\":\"https:\\\/\\\/www.tornabuoni1.com\\\/it\\\/#\\\/schema\\\/logo\\\/image\\\/\",\"url\":\"https:\\\/\\\/www.tornabuoni1.com\\\/wp-content\\\/uploads\\\/2016\\\/01\\\/AT2_quadrato.png\",\"contentUrl\":\"https:\\\/\\\/www.tornabuoni1.com\\\/wp-content\\\/uploads\\\/2016\\\/01\\\/AT2_quadrato.png\",\"width\":192,\"height\":192,\"caption\":\"Antica Torre di Via Tornabuoni 1\"},\"image\":{\"@id\":\"https:\\\/\\\/www.tornabuoni1.com\\\/it\\\/#\\\/schema\\\/logo\\\/image\\\/\"},\"sameAs\":[\"https:\\\/\\\/www.facebook.com\\\/anticatorretornabuoni\",\"https:\\\/\\\/www.instagram.com\\\/tornabuoni_anticatorre\\\/\",\"https:\\\/\\\/www.pinterest.it\\\/anticatorre\\\/_created\\\/\"]},{\"@type\":\"Person\",\"@id\":\"https:\\\/\\\/www.tornabuoni1.com\\\/it\\\/#\\\/schema\\\/person\\\/be711ab02e2f7e9c71500a3a87520f14\",\"name\":\"Antica Torre\",\"url\":\"https:\\\/\\\/www.tornabuoni1.com\\\/it\\\/author\\\/daniele\\\/\"}]}<\/script>\n<!-- \/ Yoast SEO plugin. -->","yoast_head_json":{"title":"Serie Speciale Moda e Firenze: Gucci","description":"Gucci mantiene salde le sue radici fiorentine: la sede centrale e il museo Gucci Garden si trovano proprio in Piazza della Signoria.","robots":{"index":"index","follow":"follow","max-snippet":"max-snippet:-1","max-image-preview":"max-image-preview:large","max-video-preview":"max-video-preview:-1"},"canonical":"https:\/\/www.tornabuoni1.com\/it\/2025\/04\/14\/serie-speciale-moda-e-firenze-gucci\/","og_locale":"it_IT","og_type":"article","og_title":"Serie Speciale Moda e Firenze: Gucci","og_description":"Gucci mantiene salde le sue radici fiorentine: la sede centrale e il museo Gucci Garden si trovano proprio in Piazza della Signoria.","og_url":"https:\/\/www.tornabuoni1.com\/it\/2025\/04\/14\/serie-speciale-moda-e-firenze-gucci\/","og_site_name":"Antica Torre di Via Tornabuoni 1","article_publisher":"https:\/\/www.facebook.com\/anticatorretornabuoni","article_published_time":"2025-04-14T14:09:49+00:00","article_modified_time":"2025-04-17T13:14:57+00:00","og_image":[{"width":1040,"height":600,"url":"https:\/\/www.tornabuoni1.com\/wp-content\/uploads\/Gucci_wp-1.png","type":"image\/png"}],"author":"Antica Torre","twitter_card":"summary_large_image","twitter_misc":{"Scritto da":"Antica Torre","Tempo di lettura stimato":"4 minuti"},"schema":{"@context":"https:\/\/schema.org","@graph":[{"@type":"Article","@id":"https:\/\/www.tornabuoni1.com\/it\/2025\/04\/14\/serie-speciale-moda-e-firenze-gucci\/#article","isPartOf":{"@id":"https:\/\/www.tornabuoni1.com\/it\/2025\/04\/14\/serie-speciale-moda-e-firenze-gucci\/"},"author":{"name":"Antica Torre","@id":"https:\/\/www.tornabuoni1.com\/it\/#\/schema\/person\/be711ab02e2f7e9c71500a3a87520f14"},"headline":"Serie Speciale Moda e Firenze: Gucci","datePublished":"2025-04-14T14:09:49+00:00","dateModified":"2025-04-17T13:14:57+00:00","mainEntityOfPage":{"@id":"https:\/\/www.tornabuoni1.com\/it\/2025\/04\/14\/serie-speciale-moda-e-firenze-gucci\/"},"wordCount":743,"commentCount":0,"publisher":{"@id":"https:\/\/www.tornabuoni1.com\/it\/#organization"},"image":{"@id":"https:\/\/www.tornabuoni1.com\/it\/2025\/04\/14\/serie-speciale-moda-e-firenze-gucci\/#primaryimage"},"thumbnailUrl":"https:\/\/www.tornabuoni1.com\/wp-content\/uploads\/Gucci_wp-1.png","keywords":["fashion","gucci","made in italy","moda","serie speciale"],"articleSection":["Blog IT"],"inLanguage":"it-IT","potentialAction":[{"@type":"CommentAction","name":"Comment","target":["https:\/\/www.tornabuoni1.com\/it\/2025\/04\/14\/serie-speciale-moda-e-firenze-gucci\/#respond"]}]},{"@type":"WebPage","@id":"https:\/\/www.tornabuoni1.com\/it\/2025\/04\/14\/serie-speciale-moda-e-firenze-gucci\/","url":"https:\/\/www.tornabuoni1.com\/it\/2025\/04\/14\/serie-speciale-moda-e-firenze-gucci\/","name":"Serie Speciale Moda e Firenze: Gucci","isPartOf":{"@id":"https:\/\/www.tornabuoni1.com\/it\/#website"},"primaryImageOfPage":{"@id":"https:\/\/www.tornabuoni1.com\/it\/2025\/04\/14\/serie-speciale-moda-e-firenze-gucci\/#primaryimage"},"image":{"@id":"https:\/\/www.tornabuoni1.com\/it\/2025\/04\/14\/serie-speciale-moda-e-firenze-gucci\/#primaryimage"},"thumbnailUrl":"https:\/\/www.tornabuoni1.com\/wp-content\/uploads\/Gucci_wp-1.png","datePublished":"2025-04-14T14:09:49+00:00","dateModified":"2025-04-17T13:14:57+00:00","description":"Gucci mantiene salde le sue radici fiorentine: la sede centrale e il museo Gucci Garden si trovano proprio in Piazza della Signoria.","breadcrumb":{"@id":"https:\/\/www.tornabuoni1.com\/it\/2025\/04\/14\/serie-speciale-moda-e-firenze-gucci\/#breadcrumb"},"inLanguage":"it-IT","potentialAction":[{"@type":"ReadAction","target":["https:\/\/www.tornabuoni1.com\/it\/2025\/04\/14\/serie-speciale-moda-e-firenze-gucci\/"]}]},{"@type":"ImageObject","inLanguage":"it-IT","@id":"https:\/\/www.tornabuoni1.com\/it\/2025\/04\/14\/serie-speciale-moda-e-firenze-gucci\/#primaryimage","url":"https:\/\/www.tornabuoni1.com\/wp-content\/uploads\/Gucci_wp-1.png","contentUrl":"https:\/\/www.tornabuoni1.com\/wp-content\/uploads\/Gucci_wp-1.png","width":1040,"height":600,"caption":"Gucci"},{"@type":"BreadcrumbList","@id":"https:\/\/www.tornabuoni1.com\/it\/2025\/04\/14\/serie-speciale-moda-e-firenze-gucci\/#breadcrumb","itemListElement":[{"@type":"ListItem","position":1,"name":"Home","item":"https:\/\/www.tornabuoni1.com\/it\/"},{"@type":"ListItem","position":2,"name":"Serie Speciale Moda e Firenze: Gucci"}]},{"@type":"WebSite","@id":"https:\/\/www.tornabuoni1.com\/it\/#website","url":"https:\/\/www.tornabuoni1.com\/it\/","name":"Antica Torre di Via Tornabuoni 1","description":"Antica Torre di Via Tornabuoni 1","publisher":{"@id":"https:\/\/www.tornabuoni1.com\/it\/#organization"},"potentialAction":[{"@type":"SearchAction","target":{"@type":"EntryPoint","urlTemplate":"https:\/\/www.tornabuoni1.com\/it\/?s={search_term_string}"},"query-input":{"@type":"PropertyValueSpecification","valueRequired":true,"valueName":"search_term_string"}}],"inLanguage":"it-IT"},{"@type":"Organization","@id":"https:\/\/www.tornabuoni1.com\/it\/#organization","name":"Antica Torre di Via Tornabuoni 1","alternateName":"Antica Torre","url":"https:\/\/www.tornabuoni1.com\/it\/","logo":{"@type":"ImageObject","inLanguage":"it-IT","@id":"https:\/\/www.tornabuoni1.com\/it\/#\/schema\/logo\/image\/","url":"https:\/\/www.tornabuoni1.com\/wp-content\/uploads\/2016\/01\/AT2_quadrato.png","contentUrl":"https:\/\/www.tornabuoni1.com\/wp-content\/uploads\/2016\/01\/AT2_quadrato.png","width":192,"height":192,"caption":"Antica Torre di Via Tornabuoni 1"},"image":{"@id":"https:\/\/www.tornabuoni1.com\/it\/#\/schema\/logo\/image\/"},"sameAs":["https:\/\/www.facebook.com\/anticatorretornabuoni","https:\/\/www.instagram.com\/tornabuoni_anticatorre\/","https:\/\/www.pinterest.it\/anticatorre\/_created\/"]},{"@type":"Person","@id":"https:\/\/www.tornabuoni1.com\/it\/#\/schema\/person\/be711ab02e2f7e9c71500a3a87520f14","name":"Antica Torre","url":"https:\/\/www.tornabuoni1.com\/it\/author\/daniele\/"}]}},"_links":{"self":[{"href":"https:\/\/www.tornabuoni1.com\/it\/wp-json\/wp\/v2\/posts\/11792","targetHints":{"allow":["GET"]}}],"collection":[{"href":"https:\/\/www.tornabuoni1.com\/it\/wp-json\/wp\/v2\/posts"}],"about":[{"href":"https:\/\/www.tornabuoni1.com\/it\/wp-json\/wp\/v2\/types\/post"}],"author":[{"embeddable":true,"href":"https:\/\/www.tornabuoni1.com\/it\/wp-json\/wp\/v2\/users\/7"}],"replies":[{"embeddable":true,"href":"https:\/\/www.tornabuoni1.com\/it\/wp-json\/wp\/v2\/comments?post=11792"}],"version-history":[{"count":2,"href":"https:\/\/www.tornabuoni1.com\/it\/wp-json\/wp\/v2\/posts\/11792\/revisions"}],"predecessor-version":[{"id":11794,"href":"https:\/\/www.tornabuoni1.com\/it\/wp-json\/wp\/v2\/posts\/11792\/revisions\/11794"}],"wp:featuredmedia":[{"embeddable":true,"href":"https:\/\/www.tornabuoni1.com\/it\/wp-json\/wp\/v2\/media\/11780"}],"wp:attachment":[{"href":"https:\/\/www.tornabuoni1.com\/it\/wp-json\/wp\/v2\/media?parent=11792"}],"wp:term":[{"taxonomy":"category","embeddable":true,"href":"https:\/\/www.tornabuoni1.com\/it\/wp-json\/wp\/v2\/categories?post=11792"},{"taxonomy":"post_tag","embeddable":true,"href":"https:\/\/www.tornabuoni1.com\/it\/wp-json\/wp\/v2\/tags?post=11792"}],"curies":[{"name":"wp","href":"https:\/\/api.w.org\/{rel}","templated":true}]}}